{"id":11,"date":"2024-07-03T10:20:07","date_gmt":"2024-07-03T13:20:07","guid":{"rendered":"https:\/\/www.empretec.com.br\/blog\/?p=11"},"modified":"2024-07-03T10:20:08","modified_gmt":"2024-07-03T13:20:08","slug":"guias-de-fibra-conheca-aplicacoes","status":"publish","type":"post","link":"https:\/\/empretec.com.br\/blog\/2024\/07\/03\/guias-de-fibra-conheca-aplicacoes\/","title":{"rendered":"Guias de Fibra: conhe\u00e7a quais s\u00e3o as aplica\u00e7\u00f5es deste acess\u00f3rio"},"content":{"rendered":"\n<p>A instala\u00e7\u00e3o de cabos el\u00e9tricos demanda equipamentos de alta qualidade e desempenho. Neste cen\u00e1rio, a utiliza\u00e7\u00e3o de guias de fibra se torna extremamente importante para que a instala\u00e7\u00e3o el\u00e9trica seja feita com o m\u00e1ximo de qualidade.&nbsp;<\/p><div id=\"ez-toc-container\" class=\"ez-toc-v2_0_62 counter-hierarchy ez-toc-counter ez-toc-grey ez-toc-container-direction\">\n<div class=\"ez-toc-title-container\">\n<p class=\"ez-toc-title \" >Table of Contents<\/p>\n<span class=\"ez-toc-title-toggle\"><a href=\"#\" class=\"ez-toc-pull-right ez-toc-btn ez-toc-btn-xs ez-toc-btn-default ez-toc-toggle\" aria-label=\"Toggle Table of Content\"><span class=\"ez-toc-js-icon-con\"><span class=\"\"><span class=\"eztoc-hide\" style=\"display:none;\">Toggle<\/span><span class=\"ez-toc-icon-toggle-span\"><svg style=\"fill: #999;color:#999\" xmlns=\"http:\/\/www.w3.org\/2000\/svg\" class=\"list-377408\" width=\"20px\" height=\"20px\" viewBox=\"0 0 24 24\" fill=\"none\"><path d=\"M6 6H4v2h2V6zm14 0H8v2h12V6zM4 11h2v2H4v-2zm16 0H8v2h12v-2zM4 16h2v2H4v-2zm16 0H8v2h12v-2z\" fill=\"currentColor\"><\/path><\/svg><svg style=\"fill: #999;color:#999\" class=\"arrow-unsorted-368013\" xmlns=\"http:\/\/www.w3.org\/2000\/svg\" width=\"10px\" height=\"10px\" viewBox=\"0 0 24 24\" version=\"1.2\" baseProfile=\"tiny\"><path d=\"M18.2 9.3l-6.2-6.3-6.2 6.3c-.2.2-.3.4-.3.7s.1.5.3.7c.2.2.4.3.7.3h11c.3 0 .5-.1.7-.3.2-.2.3-.5.3-.7s-.1-.5-.3-.7zM5.8 14.7l6.2 6.3 6.2-6.3c.2-.2.3-.5.3-.7s-.1-.5-.3-.7c-.2-.2-.4-.3-.7-.3h-11c-.3 0-.5.1-.7.3-.2.2-.3.5-.3.7s.1.5.3.7z\"\/><\/svg><\/span><\/span><\/span><\/a><\/span><\/div>\n<nav><ul class='ez-toc-list ez-toc-list-level-1 ' ><li class='ez-toc-page-1 ez-toc-heading-level-2'><a class=\"ez-toc-link ez-toc-heading-1\" href=\"https:\/\/empretec.com.br\/blog\/2024\/07\/03\/guias-de-fibra-conheca-aplicacoes\/#O_que_sao_guias_de_fibra\" title=\"O que s\u00e3o guias de fibra?\">O que s\u00e3o guias de fibra?<\/a><\/li><li class='ez-toc-page-1 ez-toc-heading-level-2'><a class=\"ez-toc-link ez-toc-heading-2\" href=\"https:\/\/empretec.com.br\/blog\/2024\/07\/03\/guias-de-fibra-conheca-aplicacoes\/#A_importancia_das_guias_para_instalacao_eletrica\" title=\"A import\u00e2ncia das guias para instala\u00e7\u00e3o el\u00e9trica\">A import\u00e2ncia das guias para instala\u00e7\u00e3o el\u00e9trica<\/a><\/li><li class='ez-toc-page-1 ez-toc-heading-level-2'><a class=\"ez-toc-link ez-toc-heading-3\" href=\"https:\/\/empretec.com.br\/blog\/2024\/07\/03\/guias-de-fibra-conheca-aplicacoes\/#Conte_com_as_guias_de_fibra_da_Empretec\" title=\"Conte com as guias de fibra da Empretec\">Conte com as guias de fibra da Empretec<\/a><\/li><\/ul><\/nav><\/div>\n\n\n\n\n<p>Neste texto, trouxemos algumas vantagens e aplica\u00e7\u00f5es das guias de fibra, al\u00e9m de apresentar a qualidade dos produtos oferecidos pela Empretec.<\/p>\n\n\n\n<h2 class=\"wp-block-heading\"><span class=\"ez-toc-section\" id=\"O_que_sao_guias_de_fibra\"><\/span>O que s\u00e3o guias de fibra?<span class=\"ez-toc-section-end\"><\/span><\/h2>\n\n\n\n<p>Tamb\u00e9m conhecidas como guia de inser\u00e7\u00e3o, as guias para cabos de fibra em SP s\u00e3o desenvolvidas a fim de auxiliar a instala\u00e7\u00e3o de cabos el\u00e9tricos em edif\u00edcios, caixas externas e diversos projetos de eletricidade.&nbsp;<\/p>\n\n\n<div class=\"wp-block-image\">\n<figure class=\"aligncenter size-full\"><img loading=\"lazy\" decoding=\"async\" width=\"600\" height=\"400\" src=\"https:\/\/www.empretec.com.br\/blog\/wp-content\/uploads\/2022\/09\/guias-de-fibra4.jpg\" alt=\"guias-de-fibra\" class=\"wp-image-16\" srcset=\"https:\/\/empretec.com.br\/blog\/wp-content\/uploads\/2022\/09\/guias-de-fibra4.jpg 600w, https:\/\/empretec.com.br\/blog\/wp-content\/uploads\/2022\/09\/guias-de-fibra4-300x200.jpg 300w\" sizes=\"auto, (max-width: 600px) 100vw, 600px\" \/><\/figure>\n<\/div>\n\n\n<p>Este acess\u00f3rio funciona como uma esp\u00e9cie de \u201cpassa-fio\u201d, proporcionando total agilidade e velocidade na instala\u00e7\u00e3o de fios.&nbsp;<\/p>\n\n\n\n<h2 class=\"wp-block-heading\"><span class=\"ez-toc-section\" id=\"A_importancia_das_guias_para_instalacao_eletrica\"><\/span>A import\u00e2ncia das guias para instala\u00e7\u00e3o el\u00e9trica<span class=\"ez-toc-section-end\"><\/span><\/h2>\n\n\n\n<p>Quando falamos sobre a utiliza\u00e7\u00e3o das guias de fibra, estamos falando de um acess\u00f3rio que oferece total efici\u00eancia na instala\u00e7\u00e3o el\u00e9trica, pois oferece;<\/p>\n\n\n\n<p><strong>Agilidade<\/strong>: a passagem de fios por dutos, sem a utiliza\u00e7\u00e3o de guias, pode ser uma dor de cabe\u00e7a. Com a utiliza\u00e7\u00e3o deste acess\u00f3rio, \u00e9 poss\u00edvel otimizar a instala\u00e7\u00e3o.<\/p>\n\n\n\n<p><strong>Seguran\u00e7a<\/strong>: as guias para instala\u00e7\u00e3o de cabos oferecem o m\u00e1ximo de precis\u00e3o, o que evita qualquer tipo de ruptura deles. Isso evita acidentes graves oriundos da instala\u00e7\u00e3o el\u00e9trica.&nbsp;<\/p>\n\n\n\n<h2 class=\"wp-block-heading\"><span class=\"ez-toc-section\" id=\"Conte_com_as_guias_de_fibra_da_Empretec\"><\/span>Conte com as guias de fibra da Empretec<span class=\"ez-toc-section-end\"><\/span><\/h2>\n\n\n<div class=\"wp-block-image is-style-rounded\">\n<figure class=\"alignright size-full is-resized\"><img loading=\"lazy\" decoding=\"async\" width=\"600\" height=\"400\" src=\"https:\/\/www.empretec.com.br\/blog\/wp-content\/uploads\/2022\/09\/guias-de-fibra.jpg\" alt=\"guias-de-fibra\" class=\"wp-image-14\" style=\"width:417px;height:278px\" srcset=\"https:\/\/empretec.com.br\/blog\/wp-content\/uploads\/2022\/09\/guias-de-fibra.jpg 600w, https:\/\/empretec.com.br\/blog\/wp-content\/uploads\/2022\/09\/guias-de-fibra-300x200.jpg 300w\" sizes=\"auto, (max-width: 600px) 100vw, 600px\" \/><\/figure>\n<\/div>\n\n\n<p>Com uma alta experi\u00eancia no setor, a Empretec oferece o m\u00e1ximo de qualidade em guias para instala\u00e7\u00e3o de cabos el\u00e9tricos. Contamos com uma excelente infraestrutura e com produtos de alta qualidade e desempenho.&nbsp; Os diferenciais que os cabos da Empretec oferecem s\u00e3o&nbsp;<\/p>\n\n\n\n<ul class=\"wp-block-list\">\n<li>Flexibilidade sem perda de resist\u00eancia;<\/li>\n\n\n\n<li>Opera\u00e7\u00e3o e manuten\u00e7\u00e3o simples;<\/li>\n\n\n\n<li>Tecnologia 100% nacional, proporcionando facilidade de manuten\u00e7\u00e3o e reposi\u00e7\u00e3o de pe\u00e7as;<\/li>\n\n\n\n<li>Assist\u00eancia t\u00e9cnica especializada em territ\u00f3rio nacional.<\/li>\n<\/ul>\n\n\n\n<p>Especifica\u00e7\u00f5es T\u00e9cnicas das Guias<\/p>\n\n\n\n<ul class=\"wp-block-list\">\n<li>Di\u00e2metro: 6mm | 9mm | 11mm<\/li>\n\n\n\n<li>Toler\u00e2ncia: +\\- 0,3mm | +\\- 0,3mm | +\\- 0,3mm<\/li>\n\n\n\n<li>% de fibra: 65-72 | 65-72 | 64-72<\/li>\n\n\n\n<li>Tens\u00e3o m\u00e1xima de tra\u00e7\u00e3o: 156Kg | 345Kg | 422Kg<\/li>\n\n\n\n<li>Temperatura m\u00e1x. p\/ uso: 90\u00baC<\/li>\n\n\n\n<li>Temperatura min. p\/ uso: -40\u00baC<\/li>\n\n\n\n<li>Raio m\u00ednimo de curva: 150mm | 235mm | 300mm<\/li>\n\n\n\n<li>Para dutos de di\u00e2metro: 25 a 64 mm | 28 a 96 mm | 32 a 150 mm<\/li>\n\n\n\n<li>Peso aproximado: 52g\/m | 61g\/m | 160g\/m<\/li>\n\n\n\n<li>Comprimentos dispon\u00edveis: 60 e 80m | 100, 150 e 200m | 100, 200, 300 e 350m<\/li>\n<\/ul>\n\n\n<div class=\"wp-block-image\">\n<figure class=\"aligncenter size-large\"><a href=\"https:\/\/www.empretec.com.br\/contato\" target=\"_blank\" rel=\"noreferrer noopener\"><img loading=\"lazy\" decoding=\"async\" width=\"1024\" height=\"576\" src=\"https:\/\/www.empretec.com.br\/blog\/wp-content\/uploads\/2022\/09\/Cabos-de-Fibra-1-1024x576.jpg\" alt=\"guias-de-fibra\" class=\"wp-image-13\" srcset=\"https:\/\/empretec.com.br\/blog\/wp-content\/uploads\/2022\/09\/Cabos-de-Fibra-1-1024x576.jpg 1024w, https:\/\/empretec.com.br\/blog\/wp-content\/uploads\/2022\/09\/Cabos-de-Fibra-1-300x169.jpg 300w, https:\/\/empretec.com.br\/blog\/wp-content\/uploads\/2022\/09\/Cabos-de-Fibra-1-768x432.jpg 768w, https:\/\/empretec.com.br\/blog\/wp-content\/uploads\/2022\/09\/Cabos-de-Fibra-1-1536x864.jpg 1536w, https:\/\/empretec.com.br\/blog\/wp-content\/uploads\/2022\/09\/Cabos-de-Fibra-1-2048x1152.jpg 2048w\" sizes=\"auto, (max-width: 1024px) 100vw, 1024px\" \/><\/a><\/figure>\n<\/div>\n\n\n<p>Para ficar por dentro de dicas e novidades, confira nosso <a href=\"https:\/\/www.empretec.com.br\/blog\/\" target=\"_blank\" data-type=\"URL\" data-id=\"https:\/\/www.empretec.com.br\/blog\/\" rel=\"noreferrer noopener\">blog<\/a>. Aqui voc\u00ea encontra tudo o que acontece no setor.&nbsp;<\/p>\n","protected":false},"excerpt":{"rendered":"<p>A instala\u00e7\u00e3o de cabos el\u00e9tricos demanda equipamentos de alta qualidade e desempenho. Neste cen\u00e1rio, a utiliza\u00e7\u00e3o de guias de fibra se torna extremamente importante para que a instala\u00e7\u00e3o el\u00e9trica seja feita com o m\u00e1ximo de qualidade.&nbsp; Neste texto, trouxemos algumas&#8230;<\/p>\n","protected":false},"author":1,"featured_media":15,"comment_status":"open","ping_status":"open","sticky":false,"template":"","format":"standard","meta":{"footnotes":""},"categories":[11],"tags":[8,9,10,7,4,5,6],"class_list":["post-11","post","type-post","status-publish","format-standard","has-post-thumbnail","hentry","category-cabos","tag-comprar-guia","tag-comprar-guias-de-fibra","tag-comprar-guias-para-cabo","tag-guia-para-cabo","tag-guias","tag-guias-de-fibra","tag-guias-para-cabos"],"_links":{"self":[{"href":"https:\/\/empretec.com.br\/blog\/wp-json\/wp\/v2\/posts\/11","targetHints":{"allow":["GET"]}}],"collection":[{"href":"https:\/\/empretec.com.br\/blog\/wp-json\/wp\/v2\/posts"}],"about":[{"href":"https:\/\/empretec.com.br\/blog\/wp-json\/wp\/v2\/types\/post"}],"author":[{"embeddable":true,"href":"https:\/\/empretec.com.br\/blog\/wp-json\/wp\/v2\/users\/1"}],"replies":[{"embeddable":true,"href":"https:\/\/empretec.com.br\/blog\/wp-json\/wp\/v2\/comments?post=11"}],"version-history":[{"count":3,"href":"https:\/\/empretec.com.br\/blog\/wp-json\/wp\/v2\/posts\/11\/revisions"}],"predecessor-version":[{"id":141,"href":"https:\/\/empretec.com.br\/blog\/wp-json\/wp\/v2\/posts\/11\/revisions\/141"}],"wp:featuredmedia":[{"embeddable":true,"href":"https:\/\/empretec.com.br\/blog\/wp-json\/wp\/v2\/media\/15"}],"wp:attachment":[{"href":"https:\/\/empretec.com.br\/blog\/wp-json\/wp\/v2\/media?parent=11"}],"wp:term":[{"taxonomy":"category","embeddable":true,"href":"https:\/\/empretec.com.br\/blog\/wp-json\/wp\/v2\/categories?post=11"},{"taxonomy":"post_tag","embeddable":true,"href":"https:\/\/empretec.com.br\/blog\/wp-json\/wp\/v2\/tags?post=11"}],"curies":[{"name":"wp","href":"https:\/\/api.w.org\/{rel}","templated":true}]}}