{"id":27,"date":"2024-08-30T15:06:35","date_gmt":"2024-08-30T18:06:35","guid":{"rendered":"https:\/\/www.empretec.com.br\/blog\/?p=27"},"modified":"2024-08-30T17:03:14","modified_gmt":"2024-08-30T20:03:14","slug":"cabos-para-instalacao-subterranea-diferenciais","status":"publish","type":"post","link":"https:\/\/empretec.com.br\/blog\/2024\/08\/30\/cabos-para-instalacao-subterranea-diferenciais\/","title":{"rendered":"Cabos para instala\u00e7\u00e3o subterr\u00e2nea: quais s\u00e3o seus diferenciais?"},"content":{"rendered":"\n<p>Apesar de n\u00e3o serem muito conhecidos entre leigos, os cabos para instala\u00e7\u00e3o subterr\u00e2nea s\u00e3o produtos extremamente importantes para garantir a efici\u00eancia de diversos projetos, principalmente por oferecerem atributos indispens\u00e1veis para determinados cen\u00e1rios.<br><br>Visando explicar essa rela\u00e7\u00e3o de maneira mais aprofundada, compilamos e apresentamos, a seguir, algumas das informa\u00e7\u00f5es mais importantes sobre esse tema. Al\u00e9m disso, no fim do artigo, indicamos como a <a href=\"https:\/\/empretec.com.br\/\" target=\"_blank\" rel=\"noreferrer noopener\">Empretec<\/a> pode ser \u00fatil na realiza\u00e7\u00e3o dessas a\u00e7\u00f5es Confira!<\/p><div id=\"ez-toc-container\" class=\"ez-toc-v2_0_62 counter-hierarchy ez-toc-counter ez-toc-grey ez-toc-container-direction\">\n<div class=\"ez-toc-title-container\">\n<p class=\"ez-toc-title \" >Table of Contents<\/p>\n<span class=\"ez-toc-title-toggle\"><a href=\"#\" class=\"ez-toc-pull-right ez-toc-btn ez-toc-btn-xs ez-toc-btn-default ez-toc-toggle\" aria-label=\"Toggle Table of Content\"><span class=\"ez-toc-js-icon-con\"><span class=\"\"><span class=\"eztoc-hide\" style=\"display:none;\">Toggle<\/span><span class=\"ez-toc-icon-toggle-span\"><svg style=\"fill: #999;color:#999\" xmlns=\"http:\/\/www.w3.org\/2000\/svg\" class=\"list-377408\" width=\"20px\" height=\"20px\" viewBox=\"0 0 24 24\" fill=\"none\"><path d=\"M6 6H4v2h2V6zm14 0H8v2h12V6zM4 11h2v2H4v-2zm16 0H8v2h12v-2zM4 16h2v2H4v-2zm16 0H8v2h12v-2z\" fill=\"currentColor\"><\/path><\/svg><svg style=\"fill: #999;color:#999\" class=\"arrow-unsorted-368013\" xmlns=\"http:\/\/www.w3.org\/2000\/svg\" width=\"10px\" height=\"10px\" viewBox=\"0 0 24 24\" version=\"1.2\" baseProfile=\"tiny\"><path d=\"M18.2 9.3l-6.2-6.3-6.2 6.3c-.2.2-.3.4-.3.7s.1.5.3.7c.2.2.4.3.7.3h11c.3 0 .5-.1.7-.3.2-.2.3-.5.3-.7s-.1-.5-.3-.7zM5.8 14.7l6.2 6.3 6.2-6.3c.2-.2.3-.5.3-.7s-.1-.5-.3-.7c-.2-.2-.4-.3-.7-.3h-11c-.3 0-.5.1-.7.3-.2.2-.3.5-.3.7s.1.5.3.7z\"\/><\/svg><\/span><\/span><\/span><\/a><\/span><\/div>\n<nav><ul class='ez-toc-list ez-toc-list-level-1 ' ><li class='ez-toc-page-1 ez-toc-heading-level-2'><a class=\"ez-toc-link ez-toc-heading-1\" href=\"https:\/\/empretec.com.br\/blog\/2024\/08\/30\/cabos-para-instalacao-subterranea-diferenciais\/#Quais_os_diferenciais_de_cabos_para_instalacao_subterranea\" title=\"Quais os diferenciais de cabos para instala\u00e7\u00e3o subterr\u00e2nea?&nbsp;\">Quais os diferenciais de cabos para instala\u00e7\u00e3o subterr\u00e2nea?&nbsp;<\/a><ul class='ez-toc-list-level-4' ><li class='ez-toc-heading-level-4'><ul class='ez-toc-list-level-4' ><li class='ez-toc-heading-level-4'><a class=\"ez-toc-link ez-toc-heading-2\" href=\"https:\/\/empretec.com.br\/blog\/2024\/08\/30\/cabos-para-instalacao-subterranea-diferenciais\/#Custo-beneficio\" title=\"Custo-benef\u00edcio\">Custo-benef\u00edcio<\/a><\/li><li class='ez-toc-page-1 ez-toc-heading-level-4'><a class=\"ez-toc-link ez-toc-heading-3\" href=\"https:\/\/empretec.com.br\/blog\/2024\/08\/30\/cabos-para-instalacao-subterranea-diferenciais\/#Durabilidade\" title=\"Durabilidade&nbsp;\">Durabilidade&nbsp;<\/a><\/li><li class='ez-toc-page-1 ez-toc-heading-level-4'><a class=\"ez-toc-link ez-toc-heading-4\" href=\"https:\/\/empretec.com.br\/blog\/2024\/08\/30\/cabos-para-instalacao-subterranea-diferenciais\/#Resistencia_a_condicoes_especificas\" title=\"Resist\u00eancia a condi\u00e7\u00f5es espec\u00edficas&nbsp;\">Resist\u00eancia a condi\u00e7\u00f5es espec\u00edficas&nbsp;<\/a><\/li><\/ul><\/li><li class='ez-toc-page-1 ez-toc-heading-level-3'><a class=\"ez-toc-link ez-toc-heading-5\" href=\"https:\/\/empretec.com.br\/blog\/2024\/08\/30\/cabos-para-instalacao-subterranea-diferenciais\/#Onde_comprar_cabos_para_instalacao_subterranea\" title=\"Onde comprar cabos para instala\u00e7\u00e3o subterr\u00e2nea?&nbsp;\">Onde comprar cabos para instala\u00e7\u00e3o subterr\u00e2nea?&nbsp;<\/a><\/li><\/ul><\/li><\/ul><\/nav><\/div>\n\n\n\n\n<h2 class=\"wp-block-heading\"><span class=\"ez-toc-section\" id=\"Quais_os_diferenciais_de_cabos_para_instalacao_subterranea\"><\/span>Quais os diferenciais de cabos para instala\u00e7\u00e3o subterr\u00e2nea?&nbsp;<span class=\"ez-toc-section-end\"><\/span><\/h2>\n\n\n\n<p>Conforme indicamos anteriormente, os cabos para instala\u00e7\u00e3o subterr\u00e2nea oferecem vantagens muito amplas, que podem ser inseridas nos mais variados segmentos. Entre essas caracter\u00edsticas, \u00e9 v\u00e1lido destacar as seguintes:&nbsp;<\/p>\n\n\n\n<h4 class=\"wp-block-heading\"><span class=\"ez-toc-section\" id=\"Custo-beneficio\"><\/span>Custo-benef\u00edcio<span class=\"ez-toc-section-end\"><\/span><\/h4>\n\n\n\n<p>Considerando o potencial desses produtos, o custo-benef\u00edcio \u00e9 um dos pontos que mais faz com que eles se destaquem em meio a outros itens desse mercado. Afinal, as vantagens oferecidas por eles dificilmente podem ser encontradas em alternativas equivalentes, como mostramos de maneira mais aprofundada a seguir. Por isso, eles tendem a ser muito positivos.&nbsp;<\/p>\n\n\n\n<p>Mais do que isso, esses produtos ainda tendem a ser comercializados a valores muito acess\u00edveis, impulsionando as qualidades citadas acima e fazendo com que cada vez mais pessoas f\u00edsicas e jur\u00eddicas optem por esse elemento.&nbsp;<\/p>\n\n\n\n<h4 class=\"wp-block-heading\"><span class=\"ez-toc-section\" id=\"Durabilidade\"><\/span>Durabilidade&nbsp;<span class=\"ez-toc-section-end\"><\/span><\/h4>\n\n\n\n<p>A durabilidade \u00e9 mais um ponto que deve ser destacado em rela\u00e7\u00e3o aos diferenciais relacionados a cabos para instala\u00e7\u00e3o subterr\u00e2nea, especialmente no caso de produtos que n\u00e3o possuem caracter\u00edsticas que podem ser diretamente associadas a essa aplica\u00e7\u00e3o.&nbsp;<\/p>\n\n\n\n<p>De qualquer forma, esses itens tendem a oferecer, de modo geral, uma excelente durabilidade, podendo ser utilizados em projetos com as mais variadas especifica\u00e7\u00f5es e, principalmente, voltados para uma utiliza\u00e7\u00e3o a longo prazo, uma vez que esses itens, se instalados corretamente e se utilizados conforme as recomenda\u00e7\u00f5es de fabricantes, tendem a possuir uma vida-\u00fatil muito maior que outras op\u00e7\u00f5es.&nbsp;<\/p>\n\n\n\n<h4 class=\"wp-block-heading\"><span class=\"ez-toc-section\" id=\"Resistencia_a_condicoes_especificas\"><\/span>Resist\u00eancia a condi\u00e7\u00f5es espec\u00edficas&nbsp;<span class=\"ez-toc-section-end\"><\/span><\/h4>\n\n\n\n<p>Por fim, vale destacar como esses produtos podem ser associados \u00e0 resist\u00eancia a condi\u00e7\u00f5es espec\u00edficas, principalmente relacionadas ao solo em que sua instala\u00e7\u00e3o ser\u00e1 feita. Afinal, eles podem suportar determinados n\u00edveis de sujeira, umidade e outros, assim aumentando sua vida-\u00fatil e reduzindo potenciais gastos com manuten\u00e7\u00e3o.&nbsp;<\/p>\n\n\n\n<p>Esse ponto ainda pode se aliar a elementos como tratamentos e materiais espec\u00edficos para aumentar, de maneira ainda mais consider\u00e1vel, os n\u00fameros j\u00e1 positivos apresentados por esses itens. Dessa forma, cada vez mais segmentos tendem a direcionar aplica\u00e7\u00f5es para esse setor, especialmente no caso de projetos de larga escala.&nbsp;<\/p>\n\n\n\n<h3 class=\"wp-block-heading\"><span class=\"ez-toc-section\" id=\"Onde_comprar_cabos_para_instalacao_subterranea\"><\/span>Onde comprar cabos para instala\u00e7\u00e3o subterr\u00e2nea?&nbsp;<span class=\"ez-toc-section-end\"><\/span><\/h3>\n\n\n\n<p>Considerando todos os pontos mostrados ao longo deste artigo, fica evidente a necessidade de se investir em produtos e servi\u00e7os oferecidos por companhias especializadas nesse tema, como a <a href=\"https:\/\/empretec.com.br\/\" target=\"_blank\" rel=\"noreferrer noopener\">Empretec<\/a>. Afinal, a companhia alia produtos de alta qualidade a um excelente custo-benef\u00edcio, assim contribuindo para que a realiza\u00e7\u00e3o de projetos variados possam ser executados da melhor maneira poss\u00edvel.\u00a0<\/p>\n\n\n<div class=\"wp-block-image\">\n<figure class=\"aligncenter size-full is-resized\"><a href=\"https:\/\/www.empretec.com.br\/contato\" target=\"_blank\" rel=\"noreferrer noopener\"><img loading=\"lazy\" decoding=\"async\" src=\"https:\/\/www.empretec.com.br\/blog\/wp-content\/uploads\/2023\/01\/CTA-11-1.jpg\" alt=\"Cabos para instala\u00e7\u00e3o subterr\u00e2nea\" class=\"wp-image-39\" style=\"width:679px;height:340px\" width=\"679\" height=\"340\" srcset=\"https:\/\/empretec.com.br\/blog\/wp-content\/uploads\/2023\/01\/CTA-11-1.jpg 515w, https:\/\/empretec.com.br\/blog\/wp-content\/uploads\/2023\/01\/CTA-11-1-300x150.jpg 300w\" sizes=\"auto, (max-width: 679px) 100vw, 679px\" \/><\/a><\/figure>\n<\/div>\n\n\n<p>Por isso, se estiver em busca de uma companhia para comprar cabos para instala\u00e7\u00e3o subterr\u00e2nea, <a href=\"https:\/\/empretec.com.br\/contato\" target=\"_blank\" rel=\"noreferrer noopener\">entre em contato com a Empretec e solicite um or\u00e7amento<\/a> especial para o seu projeto, e trabalhe ao lado de um dos nomes mais consolidados do mercado nacional.&nbsp;<\/p>\n","protected":false},"excerpt":{"rendered":"<p>Apesar de n\u00e3o serem muito conhecidos entre leigos, os cabos para instala\u00e7\u00e3o subterr\u00e2nea s\u00e3o produtos extremamente importantes para garantir a efici\u00eancia de diversos projetos, principalmente por oferecerem atributos indispens\u00e1veis para determinados cen\u00e1rios. Visando explicar essa rela\u00e7\u00e3o de maneira mais aprofundada,&#8230;<\/p>\n","protected":false},"author":1,"featured_media":28,"comment_status":"open","ping_status":"open","sticky":false,"template":"","format":"standard","meta":{"footnotes":""},"categories":[11],"tags":[737,24,766,765,26,25,761,757,778,772,750,775,784,780,767,763,756,755,762,759,782,774,753,777,786,783,768,764,754,752,760,758,779,773,751,776,785,781,27,29,28,732,736,742,744,741,745,746,743,19,734,738,735,740,739,733,731,730,747,749,748,769,771,770],"class_list":["post-27","post","type-post","status-publish","format-standard","has-post-thumbnail","hentry","category-cabos","tag-ref-fabrica-de-cabos-para-instalacao-subterranea","tag-cabos-para-instalacao-subterranea","tag-cabos-para-instalacao-subterranea-direto-da-fabrica","tag-cabos-para-instalacao-subterranea-em-promocao","tag-cabos-para-instalacao-subterranea-em-sao-paulo","tag-cabos-para-instalacao-subterranea-em-sp","tag-cabos-para-instalacao-subterranea-mato-grosso-do-sul","tag-cabos-para-instalacao-subterranea-minas-gerais","tag-cabos-para-instalacao-subterranea-parana","tag-cabos-para-instalacao-subterranea-perto-de-mim","tag-cabos-para-instalacao-subterranea-preco","tag-cabos-para-instalacao-subterranea-proximo-a-mim","tag-cabos-para-instalacao-subterranea-rio-grande-do-sul","tag-cabos-para-instalacao-subterranea-santa-catarina","tag-cabos-para-instalacoes-direto-da-fabrica","tag-cabos-para-instalacoes-em-promocao","tag-cabos-para-instalacoes-em-sao-paulo","tag-cabos-para-instalacoes-em-sp","tag-cabos-para-instalacoes-mato-grosso-do-sul","tag-cabos-para-instalacoes-minas-gerais","tag-cabos-para-instalacoes-parana","tag-cabos-para-instalacoes-perto-de-mim","tag-cabos-para-instalacoes-preco","tag-cabos-para-instalacoes-proximo-a-mim","tag-cabos-para-instalacoes-rio-grande-do-sul","tag-cabos-para-instalacoes-santa-catarina","tag-cabos-subterraneos-direto-da-fabrica","tag-cabos-subterraneos-em-promocao","tag-cabos-subterraneos-em-sao-paulo","tag-cabos-subterraneos-em-sp","tag-cabos-subterraneos-mato-grosso-do-sul","tag-cabos-subterraneos-minas-gerais","tag-cabos-subterraneos-parana","tag-cabos-subterraneos-perto-de-mim","tag-cabos-subterraneos-preco","tag-cabos-subterraneos-proximo-a-mim","tag-cabos-subterraneos-rio-grande-do-sul","tag-cabos-subterraneos-santa-catarina","tag-comprar-cabos-para-instalacao-subterranea","tag-comprar-cabos-para-instalacao-subterranea-em-sao-paulo","tag-comprar-cabos-para-instalacao-subterranea-em-sp","tag-comprar-cabos-para-instalacoes","tag-comprar-cabos-subterraneos","tag-distribuidor-de-cabos-para-instalacao-subterranea","tag-distribuidor-de-cabos-para-instalacoes","tag-distribuidor-de-cabos-subterraneos","tag-distribuidora-de-cabos-para-instalacao-subterranea","tag-distribuidora-de-cabos-para-instalacoes","tag-distribuidora-de-cabos-subterraneos","tag-empretec","tag-fabrica-de-cabos-para-instalacoes","tag-fabrica-de-cabos-subterraneos","tag-fabricante-de-cabos-para-instalacao-subterranea","tag-fabricante-de-cabos-para-instalacoes","tag-fabricante-de-cabos-subterraneos","tag-onde-encontrar-cabos-para-instalacao-subterranea","tag-onde-encontrar-cabos-para-instalacoes","tag-onde-encontrar-cabos-subterraneos","tag-revendedor-de-cabos-para-instalacao-subterranea","tag-revendedor-de-cabos-para-instalacoes","tag-revendedor-de-cabos-subterraneos","tag-servico-de-cabos-para-instalacao-subterranea","tag-servico-de-cabos-para-instalacoes","tag-servico-de-cabos-subterraneos"],"_links":{"self":[{"href":"https:\/\/empretec.com.br\/blog\/wp-json\/wp\/v2\/posts\/27","targetHints":{"allow":["GET"]}}],"collection":[{"href":"https:\/\/empretec.com.br\/blog\/wp-json\/wp\/v2\/posts"}],"about":[{"href":"https:\/\/empretec.com.br\/blog\/wp-json\/wp\/v2\/types\/post"}],"author":[{"embeddable":true,"href":"https:\/\/empretec.com.br\/blog\/wp-json\/wp\/v2\/users\/1"}],"replies":[{"embeddable":true,"href":"https:\/\/empretec.com.br\/blog\/wp-json\/wp\/v2\/comments?post=27"}],"version-history":[{"count":4,"href":"https:\/\/empretec.com.br\/blog\/wp-json\/wp\/v2\/posts\/27\/revisions"}],"predecessor-version":[{"id":145,"href":"https:\/\/empretec.com.br\/blog\/wp-json\/wp\/v2\/posts\/27\/revisions\/145"}],"wp:featuredmedia":[{"embeddable":true,"href":"https:\/\/empretec.com.br\/blog\/wp-json\/wp\/v2\/media\/28"}],"wp:attachment":[{"href":"https:\/\/empretec.com.br\/blog\/wp-json\/wp\/v2\/media?parent=27"}],"wp:term":[{"taxonomy":"category","embeddable":true,"href":"https:\/\/empretec.com.br\/blog\/wp-json\/wp\/v2\/categories?post=27"},{"taxonomy":"post_tag","embeddable":true,"href":"https:\/\/empretec.com.br\/blog\/wp-json\/wp\/v2\/tags?post=27"}],"curies":[{"name":"wp","href":"https:\/\/api.w.org\/{rel}","templated":true}]}}