{"id":51,"date":"2024-01-31T13:32:06","date_gmt":"2024-01-31T16:32:06","guid":{"rendered":"https:\/\/www.empretec.com.br\/blog\/?p=51"},"modified":"2024-01-31T13:36:48","modified_gmt":"2024-01-31T16:36:48","slug":"onde-encontrar-o-trator-industrial-rebocador-em-sao-paulo","status":"publish","type":"post","link":"https:\/\/empretec.com.br\/blog\/2024\/01\/31\/onde-encontrar-o-trator-industrial-rebocador-em-sao-paulo\/","title":{"rendered":"Trator industrial rebocador: conhe\u00e7a sua aplica\u00e7\u00e3o"},"content":{"rendered":"\n<p>O trator industrial rebocador em S\u00e3o Paulo \u00e9 uma m\u00e1quina usada na movimenta\u00e7\u00e3o de vag\u00f5es, para isso, ela aplica uma tra\u00e7\u00e3o rodovi\u00e1ria com pneus padr\u00f5es e um conjunto de bogeis (rodas de trens). Isso traz estabilidade e for\u00e7a para a desloca\u00e7\u00e3o.<\/p><div id=\"ez-toc-container\" class=\"ez-toc-v2_0_62 counter-hierarchy ez-toc-counter ez-toc-grey ez-toc-container-direction\">\n<div class=\"ez-toc-title-container\">\n<p class=\"ez-toc-title \" >Table of Contents<\/p>\n<span class=\"ez-toc-title-toggle\"><a href=\"#\" class=\"ez-toc-pull-right ez-toc-btn ez-toc-btn-xs ez-toc-btn-default ez-toc-toggle\" aria-label=\"Toggle Table of Content\"><span class=\"ez-toc-js-icon-con\"><span class=\"\"><span class=\"eztoc-hide\" style=\"display:none;\">Toggle<\/span><span class=\"ez-toc-icon-toggle-span\"><svg style=\"fill: #999;color:#999\" xmlns=\"http:\/\/www.w3.org\/2000\/svg\" class=\"list-377408\" width=\"20px\" height=\"20px\" viewBox=\"0 0 24 24\" fill=\"none\"><path d=\"M6 6H4v2h2V6zm14 0H8v2h12V6zM4 11h2v2H4v-2zm16 0H8v2h12v-2zM4 16h2v2H4v-2zm16 0H8v2h12v-2z\" fill=\"currentColor\"><\/path><\/svg><svg style=\"fill: #999;color:#999\" class=\"arrow-unsorted-368013\" xmlns=\"http:\/\/www.w3.org\/2000\/svg\" width=\"10px\" height=\"10px\" viewBox=\"0 0 24 24\" version=\"1.2\" baseProfile=\"tiny\"><path d=\"M18.2 9.3l-6.2-6.3-6.2 6.3c-.2.2-.3.4-.3.7s.1.5.3.7c.2.2.4.3.7.3h11c.3 0 .5-.1.7-.3.2-.2.3-.5.3-.7s-.1-.5-.3-.7zM5.8 14.7l6.2 6.3 6.2-6.3c.2-.2.3-.5.3-.7s-.1-.5-.3-.7c-.2-.2-.4-.3-.7-.3h-11c-.3 0-.5.1-.7.3-.2.2-.3.5-.3.7s.1.5.3.7z\"\/><\/svg><\/span><\/span><\/span><\/a><\/span><\/div>\n<nav><ul class='ez-toc-list ez-toc-list-level-1 ' ><li class='ez-toc-page-1 ez-toc-heading-level-2'><a class=\"ez-toc-link ez-toc-heading-1\" href=\"https:\/\/empretec.com.br\/blog\/2024\/01\/31\/onde-encontrar-o-trator-industrial-rebocador-em-sao-paulo\/#Como_o_trator_industrial_rebocador_em_Sao_Paulo_e_construido\" title=\"Como o trator industrial rebocador em S\u00e3o Paulo \u00e9 constru\u00eddo?\">Como o trator industrial rebocador em S\u00e3o Paulo \u00e9 constru\u00eddo?<\/a><\/li><li class='ez-toc-page-1 ez-toc-heading-level-2'><a class=\"ez-toc-link ez-toc-heading-2\" href=\"https:\/\/empretec.com.br\/blog\/2024\/01\/31\/onde-encontrar-o-trator-industrial-rebocador-em-sao-paulo\/#Quais_sao_os_beneficios_do_trator_industrial_rebocador_em_Sao_Paulo\" title=\"Quais s\u00e3o os benef\u00edcios do trator industrial rebocador em S\u00e3o Paulo?\">Quais s\u00e3o os benef\u00edcios do trator industrial rebocador em S\u00e3o Paulo?<\/a><\/li><li class='ez-toc-page-1 ez-toc-heading-level-2'><a class=\"ez-toc-link ez-toc-heading-3\" href=\"https:\/\/empretec.com.br\/blog\/2024\/01\/31\/onde-encontrar-o-trator-industrial-rebocador-em-sao-paulo\/#Afinal_onde_encontrar_o_trator_industrial_rebocador_em_Sao_Paulo\" title=\"Afinal, onde encontrar o trator industrial rebocador em S\u00e3o Paulo?\">Afinal, onde encontrar o trator industrial rebocador em S\u00e3o Paulo?<\/a><\/li><\/ul><\/nav><\/div>\n\n\n\n\n<p>No post de hoje, o blog da Empretec vai especificar e dizer onde encontrar o trator industrial rebocador em S\u00e3o Paulo. Continue lendo!<\/p>\n\n\n\n<h2 class=\"wp-block-heading\"><span class=\"ez-toc-section\" id=\"Como_o_trator_industrial_rebocador_em_Sao_Paulo_e_construido\"><\/span>Como o trator industrial rebocador em S\u00e3o Paulo \u00e9 constru\u00eddo?<span class=\"ez-toc-section-end\"><\/span><\/h2>\n\n\n\n<p>trator industrial rebocador \u00e9 uma pe\u00e7a fundamental para a opera\u00e7\u00e3o eficiente das empresas envolvidas no setor ferrovi\u00e1rio. Essas m\u00e1quinas s\u00e3o desenvolvidas por empresas especializadas que se dedicam a aprimorar continuamente suas caracter\u00edsticas e desempenho. Isso ocorre por meio de investimentos significativos em pesquisa e desenvolvimento, bem como na ado\u00e7\u00e3o de novas tecnologias.<\/p>\n\n\n\n<p>Um dos aspectos cruciais na fabrica\u00e7\u00e3o de tratores industriais rebocadores em S\u00e3o Paulo \u00e9 a conformidade com especifica\u00e7\u00f5es rigorosas. Essas especifica\u00e7\u00f5es s\u00e3o projetadas para garantir que o trator seja adequado para o ambiente ferrovi\u00e1rio e atenda \u00e0s necessidades espec\u00edficas de cada cliente. Alguns dos principais par\u00e2metros que esses tratores devem seguir incluem:<\/p>\n\n\n\n<p><strong>Bitola de Trabalho<\/strong>: Geralmente, a bitola de trabalho de um trator industrial rebocador em S\u00e3o Paulo \u00e9 padronizada em 1600mm. Isso garante que o trator possa se mover com efici\u00eancia nos trilhos da ferrovia e seja compat\u00edvel com a infraestrutura existente.<\/p>\n\n\n\n<p><strong>Rodas Ferrovi\u00e1rias<\/strong>: Os tratores industriais rebocadores s\u00e3o equipados com quatro rodas ferrovi\u00e1rias projetadas para proporcionar tra\u00e7\u00e3o e estabilidade ao longo das linhas f\u00e9rreas. Essas rodas s\u00e3o projetadas para lidar com as condi\u00e7\u00f5es adversas e varia\u00e7\u00f5es no terreno.<\/p>\n\n\n\n<p><strong>Raio de Curva<\/strong>: O raio de curva \u00e9 um fator cr\u00edtico para a manobrabilidade do trator em trilhos estreitos. Em S\u00e3o Paulo, um raio de curva t\u00edpico para tratores industriais rebocadores \u00e9 de cerca de 100 metros, permitindo que eles naveguem pelas curvas acentuadas das linhas ferrovi\u00e1rias da regi\u00e3o.<\/p>\n\n\n\n<p><strong>Capacidade de Tra\u00e7\u00e3o<\/strong>: A capacidade de tra\u00e7\u00e3o \u00e9 um dos fatores mais importantes. Os tratores industriais rebocadores em S\u00e3o Paulo geralmente possuem uma capacidade de tra\u00e7\u00e3o impressionante, que pode chegar a 750 toneladas. Isso os torna ideais para mover cargas pesadas e vag\u00f5es em \u00e1reas industriais e ferrovi\u00e1rias.<\/p>\n\n\n\n<p><strong>Peso e Dimens\u00f5es<\/strong>: O peso de um trator industrial rebocador em S\u00e3o Paulo pode variar, mas muitas vezes est\u00e1 na faixa de 12.000 kg. Quanto \u00e0s dimens\u00f5es, eles geralmente medem em torno de 5700 x 1600 x 3000mm (comprimento x largura x altura), o que os torna compactos o suficiente para manobrar em espa\u00e7os restritos nas instala\u00e7\u00f5es ferrovi\u00e1rias.<\/p>\n\n\n<div class=\"wp-block-image\">\n<figure class=\"aligncenter size-full is-resized\"><a href=\"https:\/\/empretec.com.br\/produtos\/trator-rebocador\/\" target=\"_blank\" rel=\"noreferrer noopener\"><img loading=\"lazy\" decoding=\"async\" width=\"600\" height=\"400\" src=\"https:\/\/www.empretec.com.br\/blog\/wp-content\/uploads\/2023\/03\/Trator-industrial-rebocador-em-Sao-Paulo-1.jpg\" alt=\"Trator industrial rebocador em S\u00e3o Paulo\" class=\"wp-image-53\" style=\"width:459px;height:306px\" srcset=\"https:\/\/empretec.com.br\/blog\/wp-content\/uploads\/2023\/03\/Trator-industrial-rebocador-em-Sao-Paulo-1.jpg 600w, https:\/\/empretec.com.br\/blog\/wp-content\/uploads\/2023\/03\/Trator-industrial-rebocador-em-Sao-Paulo-1-300x200.jpg 300w\" sizes=\"auto, (max-width: 600px) 100vw, 600px\" \/><\/a><\/figure>\n<\/div>\n\n\n<h2 class=\"wp-block-heading\"><span class=\"ez-toc-section\" id=\"Quais_sao_os_beneficios_do_trator_industrial_rebocador_em_Sao_Paulo\"><\/span>Quais s\u00e3o os benef\u00edcios do trator industrial rebocador em S\u00e3o Paulo?<span class=\"ez-toc-section-end\"><\/span><\/h2>\n\n\n\n<p>O trator industrial rebocador desempenha um papel essencial no transporte e movimenta\u00e7\u00e3o de vag\u00f5es em S\u00e3o Paulo. Sua versatilidade e capacidade de realizar uma s\u00e9rie de tarefas cruciais o tornam um aliado valioso para as opera\u00e7\u00f5es ferrovi\u00e1rias na regi\u00e3o.<\/p>\n\n\n\n<p><strong>Movimenta\u00e7\u00e3o de Vag\u00f5es<\/strong>: Como mencionado anteriormente, a principal fun\u00e7\u00e3o do trator industrial rebocador \u00e9 movimentar vag\u00f5es. Isso abrange uma ampla gama de atividades, desde a transfer\u00eancia de vag\u00f5es de um trilho para outro at\u00e9 o posicionamento preciso de vag\u00f5es para fins de manuten\u00e7\u00e3o, carregamento ou descarregamento. Essa funcionalidade \u00e9 essencial para manter a efici\u00eancia das opera\u00e7\u00f5es ferrovi\u00e1rias em S\u00e3o Paulo.<\/p>\n\n\n\n<p><strong>Troca de Equipamentos<\/strong>: Al\u00e9m de movimentar vag\u00f5es, o trator tamb\u00e9m \u00e9 empregado na troca de equipamentos ferrovi\u00e1rios. Isso inclui a remo\u00e7\u00e3o e substitui\u00e7\u00e3o de componentes como truques, rodas e acopladores. A capacidade do trator de manusear essas tarefas com precis\u00e3o \u00e9 fundamental para garantir a integridade e a seguran\u00e7a dos vag\u00f5es.<\/p>\n\n\n\n<p><strong>Manuten\u00e7\u00f5es<\/strong>: Os tratores industriais rebocadores em S\u00e3o Paulo s\u00e3o projetados para permitir manuten\u00e7\u00f5es eficientes a qualquer momento. Isso \u00e9 facilitado pela presen\u00e7a de tecnologia de ponta e o acesso a pe\u00e7as de reposi\u00e7\u00e3o nacionais. A capacidade de realizar manuten\u00e7\u00f5es programadas ou corretivas de forma r\u00e1pida e eficaz contribui para a disponibilidade cont\u00ednua dessas m\u00e1quinas cruciais.<\/p>\n\n\n\n<p><strong>Carregamento de Cargas<\/strong>: Al\u00e9m de suas fun\u00e7\u00f5es ferrovi\u00e1rias, o trator industrial rebocador tamb\u00e9m \u00e9 empregado no carregamento de cargas, movendo-as de forma eficiente para barrac\u00f5es ou \u00e1reas pr\u00f3ximas a caminh\u00f5es. Isso agiliza as opera\u00e7\u00f5es de transporte e distribui\u00e7\u00e3o, economizando tempo e recursos.<\/p>\n\n\n\n<p><strong>Manobras R\u00e1pidas e Seguras<\/strong>: O projeto dos tratores industriais rebocadores em S\u00e3o Paulo incorpora caracter\u00edsticas que permitem manobras r\u00e1pidas e seguras. A capacidade de manobrar com agilidade \u00e9 fundamental em ambientes ferrovi\u00e1rios complexos, onde a precis\u00e3o e a velocidade s\u00e3o cruciais.<\/p>\n\n\n\n<p><strong>Customiza\u00e7\u00f5es de Acordo com o Cliente<\/strong>: Cada opera\u00e7\u00e3o ferrovi\u00e1ria pode ter requisitos espec\u00edficos, e os fabricantes de tratores industriais rebocadores em S\u00e3o Paulo oferecem a capacidade de customiza\u00e7\u00e3o de acordo com as necessidades do cliente. Isso garante que os tratores atendam \u00e0s demandas individuais de cada operador ferrovi\u00e1rio.<\/p>\n\n\n\n<h2 class=\"wp-block-heading\"><span class=\"ez-toc-section\" id=\"Afinal_onde_encontrar_o_trator_industrial_rebocador_em_Sao_Paulo\"><\/span>Afinal, onde encontrar o trator industrial rebocador em S\u00e3o Paulo?<span class=\"ez-toc-section-end\"><\/span><\/h2>\n\n\n\n<p>A Empretec oferece um atendimento completo no que se refere a tratores industriais e rebocadores. Dispomos de uma infraestrutura completa e com anos de qualifica\u00e7\u00e3o no mercado. <\/p>\n\n\n\n<p>Empresa l\u00edder em solu\u00e7\u00f5es e fabrica\u00e7\u00e3o de equipamentos para o ramo ferrovi\u00e1rio, a Empretec atua desde <strong>1970 <\/strong>no mercado nacional e, com a mesma efici\u00eancia, exporta para outros pa\u00edses, tais como: Estados Unidos, Est\u00f4nia, Alemanha, Su\u00ed\u00e7a, Chile, Argentina, Peru e Bol\u00edvia.<\/p>\n\n\n\n<p>Empresa brasileira e de cunho familiar, a Empretec tamb\u00e9m produz <strong>solu\u00e7\u00f5es customizadas para os setores rodovi\u00e1rio, transporte, infraestrutura, saneamento, telecomunica\u00e7\u00f5es, eletrifica\u00e7\u00e3o e movimenta\u00e7\u00e3o de cargas<\/strong>.<\/p>\n\n\n\n<p>Situada em Guarulhos, em S\u00e3o Paulo, a empresa possui uma equipe composta de engenheiros, t\u00e9cnicos especializados e m\u00e3o-de-obra pr\u00f3pria, de modo que est\u00e1 apta a desenvolver equipamentos e pe\u00e7as, seja desde o levantamento em campo para detectar necessidades at\u00e9 o projeto, fabrica\u00e7\u00e3o de equipamentos ou mesmo a materializa\u00e7\u00e3o de um desenho previamente fornecido pelo cliente.<\/p>\n\n\n\n<p>Todos os tratores que desenvolvemos, s\u00e3o submetidos a testes de desempenho, isso possibilita a identifica\u00e7\u00e3o de falhas (sistemas) e pe\u00e7as defeituosas. Isso \u00e9 feito gra\u00e7as a nosso time profissional, ele \u00e9 composto por engenheiros e t\u00e9cnicos capacitados.<\/p>\n\n\n<div class=\"wp-block-image\">\n<figure class=\"aligncenter size-full is-resized\"><a href=\"https:\/\/empretec.com.br\/contato\" target=\"_blank\" rel=\"noreferrer noopener\"><img loading=\"lazy\" decoding=\"async\" width=\"515\" height=\"258\" src=\"https:\/\/www.empretec.com.br\/blog\/wp-content\/uploads\/2023\/01\/CTA-11-1.jpg\" alt=\"Trator industrial rebocador em S\u00e3o Paulo\" class=\"wp-image-39\" style=\"aspect-ratio:1.995;width:571px;height:auto\" srcset=\"https:\/\/empretec.com.br\/blog\/wp-content\/uploads\/2023\/01\/CTA-11-1.jpg 515w, https:\/\/empretec.com.br\/blog\/wp-content\/uploads\/2023\/01\/CTA-11-1-300x150.jpg 300w\" sizes=\"auto, (max-width: 515px) 100vw, 515px\" \/><\/a><\/figure>\n<\/div>\n\n\n<p>Curtiu o post? Continue ligado no <a href=\"https:\/\/www.empretec.com.br\/blog\/\" target=\"_blank\" rel=\"noreferrer noopener\">blog da Empretec<\/a> e tenha mais dicas sobre o trator industrial rebocador em S\u00e3o Paulo!<\/p>\n","protected":false},"excerpt":{"rendered":"<p>O trator industrial rebocador em S\u00e3o Paulo \u00e9 uma m\u00e1quina usada na movimenta\u00e7\u00e3o de vag\u00f5es, para isso, ela aplica uma tra\u00e7\u00e3o rodovi\u00e1ria com pneus padr\u00f5es e um conjunto de bogeis (rodas de trens). Isso traz estabilidade e for\u00e7a para a&#8230;<\/p>\n","protected":false},"author":1,"featured_media":52,"comment_status":"open","ping_status":"open","sticky":false,"template":"","format":"standard","meta":{"footnotes":""},"categories":[363],"tags":[365,371,367,369,386,387,385,388,390,389,373,376,375,374,378,377,380,379,381,382,384,383,394,395,396,364,366,368,370,372,391,393,392,410,405,403,401,398,409,406,402,400,407,408,404,399,397],"class_list":["post-51","post","type-post","status-publish","format-standard","has-post-thumbnail","hentry","category-trator-rebocador","tag-como-o-trator-industrial-rebocador-em-sao-paulo-e-construido","tag-comprar-trator-industrial","tag-comprar-trator-industrial-rebocador","tag-comprar-trator-rebocador","tag-distribuidor-de-trator-industrial","tag-distribuidor-de-trator-industrial-rebocador","tag-distribuidor-de-trator-rebocador","tag-distribuidora-de-trator-industrial","tag-distribuidora-de-trator-industrial-rebocador","tag-distribuidora-de-trator-rebocador","tag-empresa-de-trator-industrial","tag-empresa-de-trator-industrial-rebocador","tag-empresa-de-trator-rebocador","tag-fabrica-de-trator-industrial","tag-fabrica-de-trator-industrial-rebocador","tag-fabrica-de-trator-rebocador","tag-fabricante-de-trator-industrial","tag-fabricante-de-trator-industrial-rebocador","tag-fabricante-de-trator-rebocador","tag-fornecedor-de-trator-industrial","tag-fornecedor-de-trator-industrial-rebocador","tag-fornecedor-de-trator-rebocador","tag-loja-de-trator-industrial","tag-loja-de-trator-industrial-rebocador","tag-loja-de-trator-rebocador","tag-onde-encontrar-o-trator-industrial-rebocador-em-sao-paulo","tag-onde-encontrar-trator-industrial","tag-onde-encontrar-trator-industrial-rebocador","tag-onde-encontrar-trator-rebocador","tag-quais-sao-os-beneficios-do-trator-industrial-rebocador-em-sao-paulo","tag-revendedor-de-trator-industrial","tag-revendedor-de-trator-industrial-rebocador","tag-revendedor-de-trator-rebocador","tag-trator-industrial-direto-da-fabrica","tag-trator-industrial-em-promocao","tag-trator-industrial-em-sao-paulo","tag-trator-industrial-em-sp","tag-trator-industrial-preco","tag-trator-industrial-rebocador-em-promocao","tag-trator-industrial-rebocador-em-sao-paulo","tag-trator-industrial-rebocador-em-sp","tag-trator-industrial-rebocador-preco","tag-trator-rebocador-direto-da-fabrica","tag-trator-rebocador-em-promocao","tag-trator-rebocador-em-sao-paulo","tag-trator-rebocador-em-sp","tag-trator-rebocador-preco"],"_links":{"self":[{"href":"https:\/\/empretec.com.br\/blog\/wp-json\/wp\/v2\/posts\/51","targetHints":{"allow":["GET"]}}],"collection":[{"href":"https:\/\/empretec.com.br\/blog\/wp-json\/wp\/v2\/posts"}],"about":[{"href":"https:\/\/empretec.com.br\/blog\/wp-json\/wp\/v2\/types\/post"}],"author":[{"embeddable":true,"href":"https:\/\/empretec.com.br\/blog\/wp-json\/wp\/v2\/users\/1"}],"replies":[{"embeddable":true,"href":"https:\/\/empretec.com.br\/blog\/wp-json\/wp\/v2\/comments?post=51"}],"version-history":[{"count":2,"href":"https:\/\/empretec.com.br\/blog\/wp-json\/wp\/v2\/posts\/51\/revisions"}],"predecessor-version":[{"id":117,"href":"https:\/\/empretec.com.br\/blog\/wp-json\/wp\/v2\/posts\/51\/revisions\/117"}],"wp:featuredmedia":[{"embeddable":true,"href":"https:\/\/empretec.com.br\/blog\/wp-json\/wp\/v2\/media\/52"}],"wp:attachment":[{"href":"https:\/\/empretec.com.br\/blog\/wp-json\/wp\/v2\/media?parent=51"}],"wp:term":[{"taxonomy":"category","embeddable":true,"href":"https:\/\/empretec.com.br\/blog\/wp-json\/wp\/v2\/categories?post=51"},{"taxonomy":"post_tag","embeddable":true,"href":"https:\/\/empretec.com.br\/blog\/wp-json\/wp\/v2\/tags?post=51"}],"curies":[{"name":"wp","href":"https:\/\/api.w.org\/{rel}","templated":true}]}}