{"id":73,"date":"2024-04-24T13:57:02","date_gmt":"2024-04-24T16:57:02","guid":{"rendered":"https:\/\/www.empretec.com.br\/blog\/?p=73"},"modified":"2024-04-24T14:40:39","modified_gmt":"2024-04-24T17:40:39","slug":"guia-de-fibra-aplicacoes-e-vantagens","status":"publish","type":"post","link":"https:\/\/empretec.com.br\/blog\/2024\/04\/24\/guia-de-fibra-aplicacoes-e-vantagens\/","title":{"rendered":"Guia de fibra: aplica\u00e7\u00f5es e vantagens"},"content":{"rendered":"\n<p>Primeiramente, \u00e9 importante explicar o uso da guia de fibra. Basicamente, a guia de fibra \u00e9 utilizada para fazer a passagem de cabos \u00f3pticos em instala\u00e7\u00f5es subterr\u00e2neas e tamb\u00e9m instala\u00e7\u00f5es prediais.<\/p><div id=\"ez-toc-container\" class=\"ez-toc-v2_0_62 counter-hierarchy ez-toc-counter ez-toc-grey ez-toc-container-direction\">\n<div class=\"ez-toc-title-container\">\n<p class=\"ez-toc-title \" >Table of Contents<\/p>\n<span class=\"ez-toc-title-toggle\"><a href=\"#\" class=\"ez-toc-pull-right ez-toc-btn ez-toc-btn-xs ez-toc-btn-default ez-toc-toggle\" aria-label=\"Toggle Table of Content\"><span class=\"ez-toc-js-icon-con\"><span class=\"\"><span class=\"eztoc-hide\" style=\"display:none;\">Toggle<\/span><span class=\"ez-toc-icon-toggle-span\"><svg style=\"fill: #999;color:#999\" xmlns=\"http:\/\/www.w3.org\/2000\/svg\" class=\"list-377408\" width=\"20px\" height=\"20px\" viewBox=\"0 0 24 24\" fill=\"none\"><path d=\"M6 6H4v2h2V6zm14 0H8v2h12V6zM4 11h2v2H4v-2zm16 0H8v2h12v-2zM4 16h2v2H4v-2zm16 0H8v2h12v-2z\" fill=\"currentColor\"><\/path><\/svg><svg style=\"fill: #999;color:#999\" class=\"arrow-unsorted-368013\" xmlns=\"http:\/\/www.w3.org\/2000\/svg\" width=\"10px\" height=\"10px\" viewBox=\"0 0 24 24\" version=\"1.2\" baseProfile=\"tiny\"><path d=\"M18.2 9.3l-6.2-6.3-6.2 6.3c-.2.2-.3.4-.3.7s.1.5.3.7c.2.2.4.3.7.3h11c.3 0 .5-.1.7-.3.2-.2.3-.5.3-.7s-.1-.5-.3-.7zM5.8 14.7l6.2 6.3 6.2-6.3c.2-.2.3-.5.3-.7s-.1-.5-.3-.7c-.2-.2-.4-.3-.7-.3h-11c-.3 0-.5.1-.7.3-.2.2-.3.5-.3.7s.1.5.3.7z\"\/><\/svg><\/span><\/span><\/span><\/a><\/span><\/div>\n<nav><ul class='ez-toc-list ez-toc-list-level-1 ' ><li class='ez-toc-page-1 ez-toc-heading-level-2'><a class=\"ez-toc-link ez-toc-heading-1\" href=\"https:\/\/empretec.com.br\/blog\/2024\/04\/24\/guia-de-fibra-aplicacoes-e-vantagens\/#Vantagens_e_aplicacoes_utilizando_guia_de_fibra\" title=\"Vantagens e aplica\u00e7\u00f5es utilizando guia de fibra\">Vantagens e aplica\u00e7\u00f5es utilizando guia de fibra<\/a><\/li><li class='ez-toc-page-1 ez-toc-heading-level-2'><a class=\"ez-toc-link ez-toc-heading-2\" href=\"https:\/\/empretec.com.br\/blog\/2024\/04\/24\/guia-de-fibra-aplicacoes-e-vantagens\/#Conheca_a_Empretec_referencia_na_fabricacao_de_guia_de_fibra\" title=\"Conhe\u00e7a a Empretec, refer\u00eancia na fabrica\u00e7\u00e3o de guia de fibra\">Conhe\u00e7a a Empretec, refer\u00eancia na fabrica\u00e7\u00e3o de guia de fibra<\/a><\/li><\/ul><\/nav><\/div>\n\n\n\n\n<p>Por exemplo, trata-se de um equipamento essencial para a instala\u00e7\u00e3o de redes de internet e telefonia, j\u00e1 que liga as caixas externas at\u00e9 o ponto de sa\u00edda de rede, normalmente no andar t\u00e9rreo dos edif\u00edcios.<\/p>\n\n\n\n<p>Agora, vamos trazer para voc\u00ea neste artigo as principais vantagens e aplica\u00e7\u00f5es utilizando guia de fibra.<\/p>\n\n\n\n<ul class=\"wp-block-list\">\n<li><a href=\"https:\/\/www.empretec.com.br\/blog\/2023\/04\/11\/equipamentos-ferroviarios-no-sul-conheca-os-itens-da-empretec\/\" target=\"_blank\" rel=\"noreferrer noopener\">Equipamentos ferrovi\u00e1rios no Sul: conhe\u00e7a os itens da Empretec<\/a><\/li>\n<\/ul>\n\n\n\n<h2 class=\"wp-block-heading\"><span class=\"ez-toc-section\" id=\"Vantagens_e_aplicacoes_utilizando_guia_de_fibra\"><\/span>Vantagens e aplica\u00e7\u00f5es utilizando guia de fibra<span class=\"ez-toc-section-end\"><\/span><\/h2>\n\n\n\n<p>Antes de mais nada, \u00e9 importante lembrar que a guia de fibra \u00e9 comercializada nas mais diversas metragens e espessuras.&nbsp;<\/p>\n\n\n\n<p>Logo, vale a pena verificar qual a demanda que voc\u00ea busca sanar antes de realizar a compra do produto. Informa\u00e7\u00f5es como as dimens\u00f5es da instala\u00e7\u00e3o e quantidade de pe\u00e7as necess\u00e1rias impactam diretamente na escolha da guia que melhor te atende.<\/p>\n\n\n\n<p>Dito isso, vamos as principais vantagens na aquisi\u00e7\u00e3o da guia de fibra:<\/p>\n\n\n<div class=\"wp-block-image is-style-default\">\n<figure class=\"alignright size-full is-resized\"><img loading=\"lazy\" decoding=\"async\" src=\"https:\/\/www.empretec.com.br\/blog\/wp-content\/uploads\/2023\/04\/guias-fibra-vidro-economicas.jpg\" alt=\"Guia de fibra: aplica\u00e7\u00f5es e vantagens\" class=\"wp-image-74\" width=\"383\" height=\"383\" srcset=\"https:\/\/empretec.com.br\/blog\/wp-content\/uploads\/2023\/04\/guias-fibra-vidro-economicas.jpg 510w, https:\/\/empretec.com.br\/blog\/wp-content\/uploads\/2023\/04\/guias-fibra-vidro-economicas-300x300.jpg 300w, https:\/\/empretec.com.br\/blog\/wp-content\/uploads\/2023\/04\/guias-fibra-vidro-economicas-150x150.jpg 150w\" sizes=\"auto, (max-width: 383px) 100vw, 383px\" \/><\/figure>\n<\/div>\n\n\n<p><strong>Agilidade na instala\u00e7\u00e3o:<\/strong> realizar uma instala\u00e7\u00e3o de telefonia passando a fia\u00e7\u00e3o pelos dutos sem o aux\u00edlio de guias pode ser um processo muito mais demorado do que precisa.&nbsp;<\/p>\n\n\n\n<p>J\u00e1 utilizando a guia de fibra, voc\u00ea otimiza o tempo de instala\u00e7\u00e3o e realiza a passagem dos fios sem maiores desgastes;<\/p>\n\n\n\n<p><strong>Instala\u00e7\u00e3o segura e sem preju\u00edzos:<\/strong> a guia de fibra tem como principal fun\u00e7\u00e3o realizar a passagem de cabos de forma segura e com o m\u00e1ximo de precis\u00e3o.&nbsp;<\/p>\n\n\n\n<p>Em outras palavras, voc\u00ea evita rupturas na fia\u00e7\u00e3o, o que pode prevenir acidentes e eventuais preju\u00edzos com o material de instala\u00e7\u00e3o;<\/p>\n\n\n\n<p><strong>Opera\u00e7\u00e3o e manuten\u00e7\u00e3o simples:<\/strong> trata-se de um equipamento extremamente f\u00e1cil de se utilizar, atuando como um \u201cpassa-fio\u201d para que o processo dos mais diversos tipos de instala\u00e7\u00e3o ocorra de forma r\u00e1pida.<\/p>\n\n\n\n<p>Al\u00e9m disso, a guia de fibra da <a href=\"https:\/\/www.empretec.com.br\/\">Empretec<\/a> \u00e9 produzida com tecnologia 100% nacional, proporcionando facilidade no momento da manuten\u00e7\u00e3o e tamb\u00e9m uma ampla oferta de pe\u00e7as de reposi\u00e7\u00e3o.<\/p>\n\n\n\n<ul class=\"wp-block-list\">\n<li><a href=\"https:\/\/www.empretec.com.br\/blog\/2023\/03\/21\/o-que-sao-os-equipamentos-ferroviarios-em-sao-paulo\/\" target=\"_blank\" rel=\"noreferrer noopener\">O que s\u00e3o os equipamentos ferrovi\u00e1rios em S\u00e3o Paulo?<\/a><\/li>\n<\/ul>\n\n\n\n<h2 class=\"wp-block-heading\"><span class=\"ez-toc-section\" id=\"Conheca_a_Empretec_referencia_na_fabricacao_de_guia_de_fibra\"><\/span>Conhe\u00e7a a Empretec, refer\u00eancia na fabrica\u00e7\u00e3o de guia de fibra<span class=\"ez-toc-section-end\"><\/span><\/h2>\n\n\n\n<p>Com 53 anos proporcionando o melhor em solu\u00e7\u00f5es para os setores rodovi\u00e1rio, infraestrutura, saneamento, telecomunica\u00e7\u00f5es e el\u00e9trico nacional e internacionalmente, a <a href=\"https:\/\/www.empretec.com.br\/\">Empretec<\/a> coloca \u00e0 sua disposi\u00e7\u00e3o o que h\u00e1 de mais moderno no que tange guia de fibra no mercado.<\/p>\n\n\n\n<p>Contamos com assist\u00eancia t\u00e9cnica especializada em todo o territ\u00f3rio nacional e tamb\u00e9m uma equipe de profissionais capacitados e prontos para lhe orientar na aquisi\u00e7\u00e3o de nossos produtos.&nbsp;<\/p>\n\n\n\n<p><a href=\"https:\/\/empretec.com.br\/contato\">Solicite agora um or\u00e7amento<\/a> com um de nossos consultores e conte com nossa experi\u00eancia para o seu neg\u00f3cio.<\/p>\n\n\n\n<ul class=\"wp-block-list\">\n<li><a href=\"https:\/\/www.empretec.com.br\/blog\/2023\/03\/21\/onde-encontrar-o-trator-industrial-rebocador-em-sao-paulo\/\" target=\"_blank\" rel=\"noreferrer noopener\">Onde encontrar o trator industrial rebocador em S\u00e3o Paulo?<\/a><\/li>\n<\/ul>\n","protected":false},"excerpt":{"rendered":"<p>Primeiramente, \u00e9 importante explicar o uso da guia de fibra. Basicamente, a guia de fibra \u00e9 utilizada para fazer a passagem de cabos \u00f3pticos em instala\u00e7\u00f5es subterr\u00e2neas e tamb\u00e9m instala\u00e7\u00f5es prediais. Por exemplo, trata-se de um equipamento essencial para a&#8230;<\/p>\n","protected":false},"author":1,"featured_media":75,"comment_status":"open","ping_status":"open","sticky":false,"template":"","format":"standard","meta":{"footnotes":""},"categories":[535],"tags":[413,539,541,540,542,9,424,559,561,560,562,425,427,563,565,564,566,428,417,543,545,544,546,418,419,547,549,548,550,421,422,551,553,552,554,420,423,555,557,556,558,426,440,442,436,434,593,604,599,583,579,595,606,601,585,581,597,577,591,575,589,605,600,584,580,596,576,590,607,602,586,582,598,578,592,431,587,603,441,21,20,594,435,588,433,571,573,572,574,432,537,536,538,429,567,569,568,570,430],"class_list":["post-73","post","type-post","status-publish","format-standard","has-post-thumbnail","hentry","category-guia-de-fibra","tag-comprar-guia-de-fibra","tag-comprar-guia-de-fibra-optica","tag-comprar-guia-de-fibra-optica-para-dutos","tag-comprar-guia-de-fibra-otica","tag-comprar-guia-de-fibra-pcr-9mm","tag-comprar-guias-de-fibra","tag-distribuidor-de-guia-de-fibra","tag-distribuidor-de-guia-de-fibra-optica","tag-distribuidor-de-guia-de-fibra-optica-para-dutos","tag-distribuidor-de-guia-de-fibra-otica","tag-distribuidor-de-guia-de-fibra-pcr-9mm","tag-distribuidor-de-guias-de-fibra","tag-distribuidora-de-guia-de-fibra","tag-distribuidora-de-guia-de-fibra-optica","tag-distribuidora-de-guia-de-fibra-optica-para-dutos","tag-distribuidora-de-guia-de-fibra-otica","tag-distribuidora-de-guia-de-fibra-pcr-9mm","tag-distribuidora-de-guias-de-fibra","tag-empresa-de-guia-de-fibra","tag-empresa-de-guia-de-fibra-optica","tag-empresa-de-guia-de-fibra-optica-para-dutos","tag-empresa-de-guia-de-fibra-otica","tag-empresa-de-guia-de-fibra-pcr-9mm","tag-empresa-de-guias-de-fibra","tag-fabrica-de-guia-de-fibra","tag-fabrica-de-guia-de-fibra-optica","tag-fabrica-de-guia-de-fibra-optica-para-dutos","tag-fabrica-de-guia-de-fibra-otica","tag-fabrica-de-guia-de-fibra-pcr-9mm","tag-fabrica-de-guias-de-fibra","tag-fabricante-de-guia-de-fibra","tag-fabricante-de-guia-de-fibra-optica","tag-fabricante-de-guia-de-fibra-optica-para-dutos","tag-fabricante-de-guia-de-fibra-otica","tag-fabricante-de-guia-de-fibra-pcr-9mm","tag-fabricante-de-guias-de-fibra","tag-fornecedor-de-guia-de-fibra","tag-fornecedor-de-guia-de-fibra-optica","tag-fornecedor-de-guia-de-fibra-optica-para-dutos","tag-fornecedor-de-guia-de-fibra-otica","tag-fornecedor-de-guia-de-fibra-pcr-9mm","tag-fornecedor-de-guias-de-fibra","tag-guia-de-fibra-direto-da-fabrica","tag-guia-de-fibra-em-promocao","tag-guia-de-fibra-em-sao-paulo","tag-guia-de-fibra-em-sp","tag-guia-de-fibra-guarulhos","tag-guia-de-fibra-optica-direto-da-fabrica","tag-guia-de-fibra-optica-em-promocao","tag-guia-de-fibra-optica-em-sao-paulo","tag-guia-de-fibra-optica-em-sp","tag-guia-de-fibra-optica-guarulhos","tag-guia-de-fibra-optica-para-dutos-direto-da-fabrica","tag-guia-de-fibra-optica-para-dutos-em-promocao","tag-guia-de-fibra-optica-para-dutos-em-sao-paulo","tag-guia-de-fibra-optica-para-dutos-em-sp","tag-guia-de-fibra-optica-para-dutos-guarulhos","tag-guia-de-fibra-optica-para-dutos-preco","tag-guia-de-fibra-optica-para-dutos-zona-leste","tag-guia-de-fibra-optica-preco","tag-guia-de-fibra-optica-zona-leste","tag-guia-de-fibra-otica-direto-da-fabrica","tag-guia-de-fibra-otica-em-promocao","tag-guia-de-fibra-otica-em-sao-paulo","tag-guia-de-fibra-otica-em-sp","tag-guia-de-fibra-otica-guarulhos","tag-guia-de-fibra-otica-preco","tag-guia-de-fibra-otica-zona-leste","tag-guia-de-fibra-pcr-9mm-direto-da-fabrica","tag-guia-de-fibra-pcr-9mm-em-promocao","tag-guia-de-fibra-pcr-9mm-em-sao-paulo","tag-guia-de-fibra-pcr-9mm-em-sp","tag-guia-de-fibra-pcr-9mm-guarulhos","tag-guia-de-fibra-pcr-9mm-preco","tag-guia-de-fibra-pcr-9mm-zona-leste","tag-guia-de-fibra-preco","tag-guia-de-fibra-zona-leste","tag-guias-de-fibra-direto-da-fabrica","tag-guias-de-fibra-em-promocao","tag-guias-de-fibra-em-sao-paulo","tag-guias-de-fibra-em-sp","tag-guias-de-fibra-guarulhos","tag-guias-de-fibra-preco","tag-guias-de-fibra-zona-leste","tag-loja-de-guia-de-fibra","tag-loja-de-guia-de-fibra-optica","tag-loja-de-guia-de-fibra-optica-para-dutos","tag-loja-de-guia-de-fibra-otica","tag-loja-de-guia-de-fibra-pcr-9mm","tag-loja-de-guias-de-fibra","tag-onde-encontrar-guia-de-fibra-optica-para-dutos","tag-onde-encontrar-guia-de-fibra-otica","tag-onde-encontrar-guia-de-fibra-pcr-9mm","tag-revendedor-de-guia-de-fibra","tag-revendedor-de-guia-de-fibra-optica","tag-revendedor-de-guia-de-fibra-optica-para-dutos","tag-revendedor-de-guia-de-fibra-otica","tag-revendedor-de-guia-de-fibra-pcr-9mm","tag-revendedor-de-guias-de-fibra"],"_links":{"self":[{"href":"https:\/\/empretec.com.br\/blog\/wp-json\/wp\/v2\/posts\/73","targetHints":{"allow":["GET"]}}],"collection":[{"href":"https:\/\/empretec.com.br\/blog\/wp-json\/wp\/v2\/posts"}],"about":[{"href":"https:\/\/empretec.com.br\/blog\/wp-json\/wp\/v2\/types\/post"}],"author":[{"embeddable":true,"href":"https:\/\/empretec.com.br\/blog\/wp-json\/wp\/v2\/users\/1"}],"replies":[{"embeddable":true,"href":"https:\/\/empretec.com.br\/blog\/wp-json\/wp\/v2\/comments?post=73"}],"version-history":[{"count":1,"href":"https:\/\/empretec.com.br\/blog\/wp-json\/wp\/v2\/posts\/73\/revisions"}],"predecessor-version":[{"id":76,"href":"https:\/\/empretec.com.br\/blog\/wp-json\/wp\/v2\/posts\/73\/revisions\/76"}],"wp:featuredmedia":[{"embeddable":true,"href":"https:\/\/empretec.com.br\/blog\/wp-json\/wp\/v2\/media\/75"}],"wp:attachment":[{"href":"https:\/\/empretec.com.br\/blog\/wp-json\/wp\/v2\/media?parent=73"}],"wp:term":[{"taxonomy":"category","embeddable":true,"href":"https:\/\/empretec.com.br\/blog\/wp-json\/wp\/v2\/categories?post=73"},{"taxonomy":"post_tag","embeddable":true,"href":"https:\/\/empretec.com.br\/blog\/wp-json\/wp\/v2\/tags?post=73"}],"curies":[{"name":"wp","href":"https:\/\/api.w.org\/{rel}","templated":true}]}}