{"id":1489,"count":3,"description":"","link":"https:\/\/empretec.com.br\/blog\/tag\/instalacao-de-fibra-optica\/","name":"instala\u00e7\u00e3o de fibra \u00f3ptica","slug":"instalacao-de-fibra-optica","taxonomy":"post_tag","meta":[],"_links":{"self":[{"href":"https:\/\/empretec.com.br\/blog\/wp-json\/wp\/v2\/tags\/1489","targetHints":{"allow":["GET"]}}],"collection":[{"href":"https:\/\/empretec.com.br\/blog\/wp-json\/wp\/v2\/tags"}],"about":[{"href":"https:\/\/empretec.com.br\/blog\/wp-json\/wp\/v2\/taxonomies\/post_tag"}],"wp:post_type":[{"href":"https:\/\/empretec.com.br\/blog\/wp-json\/wp\/v2\/posts?tags=1489"}],"curies":[{"name":"wp","href":"https:\/\/api.w.org\/{rel}","templated":true}]}}