{"id":1625,"count":1,"description":"","link":"https:\/\/empretec.com.br\/blog\/tag\/carreta-para-logistica-de-manutencao\/","name":"carreta para log\u00edstica de manuten\u00e7\u00e3o","slug":"carreta-para-logistica-de-manutencao","taxonomy":"post_tag","meta":[],"_links":{"self":[{"href":"https:\/\/empretec.com.br\/blog\/wp-json\/wp\/v2\/tags\/1625","targetHints":{"allow":["GET"]}}],"collection":[{"href":"https:\/\/empretec.com.br\/blog\/wp-json\/wp\/v2\/tags"}],"about":[{"href":"https:\/\/empretec.com.br\/blog\/wp-json\/wp\/v2\/taxonomies\/post_tag"}],"wp:post_type":[{"href":"https:\/\/empretec.com.br\/blog\/wp-json\/wp\/v2\/posts?tags=1625"}],"curies":[{"name":"wp","href":"https:\/\/api.w.org\/{rel}","templated":true}]}}