{"id":780,"count":1,"description":"","link":"https:\/\/empretec.com.br\/blog\/tag\/cabos-para-instalacao-subterranea-santa-catarina\/","name":"Cabos para instala\u00e7\u00e3o subterr\u00e2nea Santa Catarina","slug":"cabos-para-instalacao-subterranea-santa-catarina","taxonomy":"post_tag","meta":[],"_links":{"self":[{"href":"https:\/\/empretec.com.br\/blog\/wp-json\/wp\/v2\/tags\/780","targetHints":{"allow":["GET"]}}],"collection":[{"href":"https:\/\/empretec.com.br\/blog\/wp-json\/wp\/v2\/tags"}],"about":[{"href":"https:\/\/empretec.com.br\/blog\/wp-json\/wp\/v2\/taxonomies\/post_tag"}],"wp:post_type":[{"href":"https:\/\/empretec.com.br\/blog\/wp-json\/wp\/v2\/posts?tags=780"}],"curies":[{"name":"wp","href":"https:\/\/api.w.org\/{rel}","templated":true}]}}